{"id":6147,"date":"2024-12-19T10:05:27","date_gmt":"2024-12-19T09:05:27","guid":{"rendered":"https:\/\/airbus-staff-associations.org\/?p=6147"},"modified":"2024-12-19T10:05:29","modified_gmt":"2024-12-19T09:05:29","slug":"airbus-staff-associations","status":"publish","type":"post","link":"https:\/\/airbus-staff-associations.org\/en\/blog\/airbus-staff-associations\/","title":{"rendered":"AIRBUS STAFF ASSOCIATIONS : Bonnes F\u00eates"},"content":{"rendered":"<p>Chers adh\u00e9rents et amis,<\/p>\n\n\n\n<p>2024 sera pass\u00e9e comme l&rsquo;\u00e9clair, preuve s&rsquo;il en est que la densit\u00e9 du moment influe sur notre perception de sa dur\u00e9e.<\/p>\n\n\n\n<p>Cette ann\u00e9e aura en effet \u00e9t\u00e9 un cru d&rsquo;une exceptionnelle richesse: c\u00e9l\u00e9bration des 35 ans de cette grande dame qu&rsquo;est l&rsquo;AISA au mois de Janvier, d\u00e9part de son Pr\u00e9sident Fondateur au mois de Mai, arriv\u00e9e de la nouvelle \u00e9quipe du&nbsp;Bureau&nbsp;Ex\u00e9cutif&nbsp;au d\u00e9but du mois de Juillet, formalisation de notre fonctionnement en collaboration avec l&rsquo;AISC \u00e0 la fin de l&rsquo;\u00e9t\u00e9,&nbsp; puis validation en Assembl\u00e9e G\u00e9n\u00e9rale Extraordinaire des nouveaux statuts applicables depuis la fin du mois de Novembre.<\/p>\n\n\n\n<p>Heureusement, cette transition que certains ont peut-\u00eatre redout\u00e9e (car les vieilles habitudes sont parfois difficiles \u00e0 changer) s&rsquo;est effectu\u00e9e dans un esprit \u00e0 la fois de continuit\u00e9 de nos valeurs communes et d&rsquo;ouverture pour nous pr\u00e9parer aux changements requis dans un monde en constante \u00e9volution.<\/p>\n\n\n\n<p>Vous avez aussi toujours pu compter sur la stabilit\u00e9 de l&rsquo;\u00e9quipe avec nos assistantes Jessica, Val\u00e9rie, Ingrid et Sandra, qui vous ont accompagn\u00e9s et soutenus au&nbsp; quotidien dans vos activit\u00e9s sportives, de loisirs et culturelles diverses.<\/p>\n\n\n\n<p>C&rsquo;est donc avec confiance que nous souhaitons aborder ensemble l&rsquo;ann\u00e9e 2025,&nbsp;gr\u00e2ce \u00e0 l&rsquo;engagement de nos b\u00e9n\u00e9voles, au soutien de nos partenaires et \u00e0 notre vigilance quant au maintien de nos valeurs d&rsquo;humanit\u00e9, de collaboration, de solidarit\u00e9, de respect et d&rsquo;int\u00e9grit\u00e9.<\/p>\n\n\n\n<p>Nous accueillerons volontiers les remarques constructives et les contributions actives pour continuer \u00e0 faire vivre et p\u00e9renniser l&rsquo;AISA.<\/p>\n\n\n\n<p>Quelles que soient les surprises et difficult\u00e9s \u00e0 venir, gardons toujours la motivation, le dialogue, le pragmatisme et une certaine rigueur comme fers de lance de notre action et de notre engagement: ONE TEAM, ONE DREAM.<\/p>\n\n\n\n<p>D&rsquo;ici l\u00e0, nous vous souhaitons un temps chaleureux de convivialit\u00e9 avec vos proches et de repos \u00e0 l&rsquo;occasion des f\u00eates de fin d&rsquo;ann\u00e9e.<\/p>\n\n\n\n<p>Prenez bien soin de vous et&nbsp;\u00e0 tr\u00e8s bient\u00f4t, en pleine forme!<\/p>\n\n\n\n<p>Le Trio Ex\u00e9cutif de l&rsquo;AISA<\/p>","protected":false},"excerpt":{"rendered":"<p>Chers adh\u00e9rents et amis, 2024 sera pass\u00e9e comme l&rsquo;\u00e9clair, preuve s&rsquo;il en est que la densit\u00e9 du moment influe sur notre perception de sa dur\u00e9e. Cette ann\u00e9e aura en effet \u00e9t\u00e9 un cru d&rsquo;une exceptionnelle richesse: c\u00e9l\u00e9bration des 35 ans de cette grande dame qu&rsquo;est l&rsquo;AISA au mois de Janvier, d\u00e9part de son Pr\u00e9sident Fondateur [&hellip;]<\/p>\n","protected":false},"author":114,"featured_media":6193,"comment_status":"closed","ping_status":"closed","sticky":false,"template":"","format":"standard","meta":{"_acf_changed":false,"_exactmetrics_skip_tracking":false,"ocean_front_end_style_editor":"no","ocean_post_layout":"","ocean_both_sidebars_style":"","ocean_both_sidebars_content_width":0,"ocean_both_sidebars_sidebars_width":0,"ocean_sidebar":"","ocean_second_sidebar":"","ocean_disable_margins":"enable","ocean_add_body_class":"","ocean_shortcode_before_top_bar":"","ocean_shortcode_after_top_bar":"","ocean_shortcode_before_header":"","ocean_shortcode_after_header":"","ocean_has_shortcode":"","ocean_shortcode_after_title":"","ocean_shortcode_before_footer_widgets":"","ocean_shortcode_after_footer_widgets":"","ocean_shortcode_before_footer_bottom":"","ocean_shortcode_after_footer_bottom":"","ocean_display_top_bar":"default","ocean_display_header":"default","ocean_header_style":"","ocean_center_header_left_menu":"","ocean_custom_header_template":"","ocean_custom_logo":0,"ocean_custom_retina_logo":0,"ocean_custom_logo_max_width":0,"ocean_custom_logo_tablet_max_width":0,"ocean_custom_logo_mobile_max_width":0,"ocean_custom_logo_max_height":0,"ocean_custom_logo_tablet_max_height":0,"ocean_custom_logo_mobile_max_height":0,"ocean_header_custom_menu":"","ocean_menu_typo_font_family":"","ocean_menu_typo_font_subset":"","ocean_menu_typo_font_size":0,"ocean_menu_typo_font_size_tablet":0,"ocean_menu_typo_font_size_mobile":0,"ocean_menu_typo_font_size_unit":"px","ocean_menu_typo_font_weight":"","ocean_menu_typo_font_weight_tablet":"","ocean_menu_typo_font_weight_mobile":"","ocean_menu_typo_transform":"","ocean_menu_typo_transform_tablet":"","ocean_menu_typo_transform_mobile":"","ocean_menu_typo_line_height":0,"ocean_menu_typo_line_height_tablet":0,"ocean_menu_typo_line_height_mobile":0,"ocean_menu_typo_line_height_unit":"","ocean_menu_typo_spacing":0,"ocean_menu_typo_spacing_tablet":0,"ocean_menu_typo_spacing_mobile":0,"ocean_menu_typo_spacing_unit":"","ocean_menu_link_color":"","ocean_menu_link_color_hover":"","ocean_menu_link_color_active":"","ocean_menu_link_background":"","ocean_menu_link_hover_background":"","ocean_menu_link_active_background":"","ocean_menu_social_links_bg":"","ocean_menu_social_hover_links_bg":"","ocean_menu_social_links_color":"","ocean_menu_social_hover_links_color":"","ocean_disable_title":"default","ocean_disable_heading":"default","ocean_post_title":"","ocean_post_subheading":"","ocean_post_title_style":"","ocean_post_title_background_color":"","ocean_post_title_background":0,"ocean_post_title_bg_image_position":"","ocean_post_title_bg_image_attachment":"","ocean_post_title_bg_image_repeat":"","ocean_post_title_bg_image_size":"","ocean_post_title_height":0,"ocean_post_title_bg_overlay":0.5,"ocean_post_title_bg_overlay_color":"","ocean_disable_breadcrumbs":"default","ocean_breadcrumbs_color":"","ocean_breadcrumbs_separator_color":"","ocean_breadcrumbs_links_color":"","ocean_breadcrumbs_links_hover_color":"","ocean_display_footer_widgets":"default","ocean_display_footer_bottom":"default","ocean_custom_footer_template":"","ocean_post_oembed":"","ocean_post_self_hosted_media":"","ocean_post_video_embed":"","ocean_link_format":"","ocean_link_format_target":"self","ocean_quote_format":"","ocean_quote_format_link":"post","ocean_gallery_link_images":"on","ocean_gallery_id":[],"footnotes":"","_members_access_role":[],"_members_access_error":""},"categories":[77,52],"tags":[],"class_list":["post-6147","post","type-post","status-publish","format-standard","has-post-thumbnail","hentry","category-aisa","category-sections","entry","has-media"],"acf":[],"_links":{"self":[{"href":"https:\/\/airbus-staff-associations.org\/en\/wp-json\/wp\/v2\/posts\/6147","targetHints":{"allow":["GET"]}}],"collection":[{"href":"https:\/\/airbus-staff-associations.org\/en\/wp-json\/wp\/v2\/posts"}],"about":[{"href":"https:\/\/airbus-staff-associations.org\/en\/wp-json\/wp\/v2\/types\/post"}],"author":[{"embeddable":true,"href":"https:\/\/airbus-staff-associations.org\/en\/wp-json\/wp\/v2\/users\/114"}],"replies":[{"embeddable":true,"href":"https:\/\/airbus-staff-associations.org\/en\/wp-json\/wp\/v2\/comments?post=6147"}],"version-history":[{"count":0,"href":"https:\/\/airbus-staff-associations.org\/en\/wp-json\/wp\/v2\/posts\/6147\/revisions"}],"wp:featuredmedia":[{"embeddable":true,"href":"https:\/\/airbus-staff-associations.org\/en\/wp-json\/wp\/v2\/media\/6193"}],"wp:attachment":[{"href":"https:\/\/airbus-staff-associations.org\/en\/wp-json\/wp\/v2\/media?parent=6147"}],"wp:term":[{"taxonomy":"category","embeddable":true,"href":"https:\/\/airbus-staff-associations.org\/en\/wp-json\/wp\/v2\/categories?post=6147"},{"taxonomy":"post_tag","embeddable":true,"href":"https:\/\/airbus-staff-associations.org\/en\/wp-json\/wp\/v2\/tags?post=6147"}],"curies":[{"name":"wp","href":"https:\/\/api.w.org\/{rel}","templated":true}]}}