{"id":6664,"date":"2025-04-17T13:04:56","date_gmt":"2025-04-17T11:04:56","guid":{"rendered":"https:\/\/airbus-staff-associations.org\/?p=6664"},"modified":"2025-04-18T14:22:17","modified_gmt":"2025-04-18T12:22:17","slug":"martial-arts-society-kung-fu-traditionnel","status":"publish","type":"post","link":"https:\/\/airbus-staff-associations.org\/en\/blog\/martial-arts-society-kung-fu-traditionnel\/","title":{"rendered":"MARTIAL ARTS Society : WING-CHUN \/ KUNG-FU Traditionnel"},"content":{"rendered":"<p class=\"has-large-font-size\">Retour sur le stage Chi-Sao du samedi 12 avril et nouvelle date le samedi 21 juin !<\/p>\n\n\n\n<p class=\"has-black-color has-text-color has-link-color has-medium-font-size wp-elements-df43ed4829e30599950477ea6400aaaa\">Chers adh\u00e9rents, <\/p>\n\n\n\n<p class=\"has-black-color has-text-color has-link-color has-medium-font-size wp-elements-ec4308afeaee95940698490e9013b135\">la section <strong>KFT Wing-Chun<\/strong> a organis\u00e9 samedi 12 avril un premier stage autour du th\u00e8me du Chi-Sao, les c\u00e9l\u00e8bres mains collantes du Wing-Chun, dirig\u00e9 par Thomas Denape, au dojo de l&rsquo;AISA (b\u00e2timent du CSE AISC) .<\/p>\n\n\n\n<p>Nous nous sommes retrouv\u00e9s \u00e0 8 personnes venant de plusieurs sections de la MAS et avons pratiqu\u00e9 sur le positionnement, le ressenti et la courte distance.<\/p>\n\n\n\n<p class=\"has-black-color has-text-color has-link-color has-medium-font-size wp-elements-8b6d74d5637dc4bd1ec7927f06cff734\">Les \u00e9changes ont \u00e9t\u00e9 tr\u00e8s instructifs et enrichissants pour chacun.<\/p>\n\n\n\n<p class=\"has-vivid-cyan-blue-color has-text-color has-link-color has-medium-font-size wp-elements-d52952dcaba3844841e7202c1760aec5\">Vous pouvez \u00e9galement toute l&rsquo;ann\u00e9e venir pratiquer et \u00e9changer avec nous chaque jeudi \u00e0 partir de 18h00, toujours au dojo de l&rsquo;AISA<\/p>\n\n\n\n<p class=\"has-black-color has-text-color has-link-color has-medium-font-size wp-elements-825645457cfee490f5fb6d3bfa6e7cfd\">Le rendez-vous est d\u00e9j\u00e0 pris pour une autre date, le <strong>samedi 21 juin prochain,<\/strong> n&rsquo;h\u00e9sitez pas \u00e0 vous r\u00e9server ce cr\u00e9neau et venir partager ce bon moment.<\/p>\n\n\n\n<p class=\"has-vivid-red-color has-text-color has-link-color has-medium-font-size wp-elements-7f65a1be07b638a0281bf1e95499a619\">Ce stage est ouvert \u00e0 tous les pratiquants de l&rsquo;AISA-MAS, tous niveaux bienvenus.<\/p>\n\n\n\n<p class=\"has-vivid-red-color has-text-color has-link-color has-medium-font-size wp-elements-7aa0deafcc6ef1936a7390ab4889a75b\">La participation sera de 20\u20ac avec un minimum de 6 personnes.<\/p>\n\n\n\n<p class=\"has-black-color has-text-color has-link-color has-medium-font-size wp-elements-ce88e5b79719be805b52e3cc027d0f0e\">N&rsquo;h\u00e9sitez pas \u00e0 contacter\u00a0le bureau de la MAS pour tout renseignement compl\u00e9mentaire:<\/p>\n\n\n\n<p class=\"has-black-color has-text-color has-link-color has-medium-font-size wp-elements-5caecbfa24bd77fac1d199cb48bc1876\">XAVIER ARNAULD DES LIONS <a class=\"ek-link\" href=\"mailto:xavier.arnauld-des-lions@airbus.com\">xavier.arnauld-des-lions@airbus.com<\/a><\/p>\n\n\n\n<figure class=\"wp-block-image size-full\"><img fetchpriority=\"high\" decoding=\"async\" width=\"685\" height=\"610\" src=\"https:\/\/airbus-staff-associations.org\/wp-content\/uploads\/2025\/04\/groupe-WING-CHUN.png\" alt=\"\" class=\"wp-image-6666\" srcset=\"https:\/\/airbus-staff-associations.org\/wp-content\/uploads\/2025\/04\/groupe-WING-CHUN.png 685w, https:\/\/airbus-staff-associations.org\/wp-content\/uploads\/2025\/04\/groupe-WING-CHUN-300x267.png 300w, https:\/\/airbus-staff-associations.org\/wp-content\/uploads\/2025\/04\/groupe-WING-CHUN-13x12.png 13w, https:\/\/airbus-staff-associations.org\/wp-content\/uploads\/2025\/04\/groupe-WING-CHUN-24x21.png 24w, https:\/\/airbus-staff-associations.org\/wp-content\/uploads\/2025\/04\/groupe-WING-CHUN-36x32.png 36w, https:\/\/airbus-staff-associations.org\/wp-content\/uploads\/2025\/04\/groupe-WING-CHUN-48x43.png 48w\" sizes=\"(max-width: 685px) 100vw, 685px\" \/><\/figure>","protected":false},"excerpt":{"rendered":"<p>Retour sur le stage Chi-Sao du samedi 12 avril et nouvelle date le samedi 21 juin ! Chers adh\u00e9rents, la section KFT Wing-Chun a organis\u00e9 samedi 12 avril un premier stage autour du th\u00e8me du Chi-Sao, les c\u00e9l\u00e8bres mains collantes du Wing-Chun, dirig\u00e9 par Thomas Denape, au dojo de l&rsquo;AISA (b\u00e2timent du CSE AISC) . [&hellip;]<\/p>\n","protected":false},"author":112,"featured_media":6676,"comment_status":"closed","ping_status":"closed","sticky":false,"template":"","format":"standard","meta":{"_acf_changed":false,"_exactmetrics_skip_tracking":false,"ocean_front_end_style_editor":"no","ocean_post_layout":"","ocean_both_sidebars_style":"","ocean_both_sidebars_content_width":0,"ocean_both_sidebars_sidebars_width":0,"ocean_sidebar":"","ocean_second_sidebar":"","ocean_disable_margins":"enable","ocean_add_body_class":"","ocean_shortcode_before_top_bar":"","ocean_shortcode_after_top_bar":"","ocean_shortcode_before_header":"","ocean_shortcode_after_header":"","ocean_has_shortcode":"","ocean_shortcode_after_title":"","ocean_shortcode_before_footer_widgets":"","ocean_shortcode_after_footer_widgets":"","ocean_shortcode_before_footer_bottom":"","ocean_shortcode_after_footer_bottom":"","ocean_display_top_bar":"default","ocean_display_header":"default","ocean_header_style":"","ocean_center_header_left_menu":"","ocean_custom_header_template":"","ocean_custom_logo":0,"ocean_custom_retina_logo":0,"ocean_custom_logo_max_width":0,"ocean_custom_logo_tablet_max_width":0,"ocean_custom_logo_mobile_max_width":0,"ocean_custom_logo_max_height":0,"ocean_custom_logo_tablet_max_height":0,"ocean_custom_logo_mobile_max_height":0,"ocean_header_custom_menu":"","ocean_menu_typo_font_family":"","ocean_menu_typo_font_subset":"","ocean_menu_typo_font_size":0,"ocean_menu_typo_font_size_tablet":0,"ocean_menu_typo_font_size_mobile":0,"ocean_menu_typo_font_size_unit":"px","ocean_menu_typo_font_weight":"","ocean_menu_typo_font_weight_tablet":"","ocean_menu_typo_font_weight_mobile":"","ocean_menu_typo_transform":"","ocean_menu_typo_transform_tablet":"","ocean_menu_typo_transform_mobile":"","ocean_menu_typo_line_height":0,"ocean_menu_typo_line_height_tablet":0,"ocean_menu_typo_line_height_mobile":0,"ocean_menu_typo_line_height_unit":"","ocean_menu_typo_spacing":0,"ocean_menu_typo_spacing_tablet":0,"ocean_menu_typo_spacing_mobile":0,"ocean_menu_typo_spacing_unit":"","ocean_menu_link_color":"","ocean_menu_link_color_hover":"","ocean_menu_link_color_active":"","ocean_menu_link_background":"","ocean_menu_link_hover_background":"","ocean_menu_link_active_background":"","ocean_menu_social_links_bg":"","ocean_menu_social_hover_links_bg":"","ocean_menu_social_links_color":"","ocean_menu_social_hover_links_color":"","ocean_disable_title":"default","ocean_disable_heading":"default","ocean_post_title":"","ocean_post_subheading":"","ocean_post_title_style":"","ocean_post_title_background_color":"","ocean_post_title_background":0,"ocean_post_title_bg_image_position":"","ocean_post_title_bg_image_attachment":"","ocean_post_title_bg_image_repeat":"","ocean_post_title_bg_image_size":"","ocean_post_title_height":0,"ocean_post_title_bg_overlay":0.5,"ocean_post_title_bg_overlay_color":"","ocean_disable_breadcrumbs":"default","ocean_breadcrumbs_color":"","ocean_breadcrumbs_separator_color":"","ocean_breadcrumbs_links_color":"","ocean_breadcrumbs_links_hover_color":"","ocean_display_footer_widgets":"default","ocean_display_footer_bottom":"default","ocean_custom_footer_template":"","ocean_post_oembed":"","ocean_post_self_hosted_media":"","ocean_post_video_embed":"","ocean_link_format":"","ocean_link_format_target":"self","ocean_quote_format":"","ocean_quote_format_link":"post","ocean_gallery_link_images":"on","ocean_gallery_id":[],"footnotes":"","_members_access_role":[],"_members_access_error":""},"categories":[65],"tags":[],"class_list":["post-6664","post","type-post","status-publish","format-standard","has-post-thumbnail","hentry","category-martial-arts","entry","has-media"],"acf":[],"_links":{"self":[{"href":"https:\/\/airbus-staff-associations.org\/en\/wp-json\/wp\/v2\/posts\/6664","targetHints":{"allow":["GET"]}}],"collection":[{"href":"https:\/\/airbus-staff-associations.org\/en\/wp-json\/wp\/v2\/posts"}],"about":[{"href":"https:\/\/airbus-staff-associations.org\/en\/wp-json\/wp\/v2\/types\/post"}],"author":[{"embeddable":true,"href":"https:\/\/airbus-staff-associations.org\/en\/wp-json\/wp\/v2\/users\/112"}],"replies":[{"embeddable":true,"href":"https:\/\/airbus-staff-associations.org\/en\/wp-json\/wp\/v2\/comments?post=6664"}],"version-history":[{"count":0,"href":"https:\/\/airbus-staff-associations.org\/en\/wp-json\/wp\/v2\/posts\/6664\/revisions"}],"wp:featuredmedia":[{"embeddable":true,"href":"https:\/\/airbus-staff-associations.org\/en\/wp-json\/"}],"wp:attachment":[{"href":"https:\/\/airbus-staff-associations.org\/en\/wp-json\/wp\/v2\/media?parent=6664"}],"wp:term":[{"taxonomy":"category","embeddable":true,"href":"https:\/\/airbus-staff-associations.org\/en\/wp-json\/wp\/v2\/categories?post=6664"},{"taxonomy":"post_tag","embeddable":true,"href":"https:\/\/airbus-staff-associations.org\/en\/wp-json\/wp\/v2\/tags?post=6664"}],"curies":[{"name":"wp","href":"https:\/\/api.w.org\/{rel}","templated":true}]}}