{"id":6706,"date":"2025-04-28T10:12:50","date_gmt":"2025-04-28T08:12:50","guid":{"rendered":"https:\/\/airbus-staff-associations.org\/?p=6706"},"modified":"2025-04-30T09:01:09","modified_gmt":"2025-04-30T07:01:09","slug":"cultural-society-3","status":"publish","type":"post","link":"https:\/\/airbus-staff-associations.org\/en\/blog\/cultural-society-3\/","title":{"rendered":"CULTURAL SOCIETY : Atelier Ecriture : Concours de Nouvelles"},"content":{"rendered":"<p>Cher(e)s adh\u00e9rent(e)s,<\/p>\n\n\n\n<p>Le concours de nouvelles 2025 de l\u2019Envol des Mots (nos amis du LAC), en association avec l\u2019atelier d\u2019\u00e9criture de la Cultural, l\u2019Aile ou la Plume, est lanc\u00e9 !<\/p>\n\n\n\n<p>Le concours est ouvert \u00e0 toutes et \u00e0 tous.<\/p>\n\n\n\n<p>Sous la pr\u00e9sidence de J\u00e9r\u00e9my B\u00e9rard, membre de L\u2019Aile ou la Plume, laur\u00e9at des \u00e9ditions 2019, 2020 et 2024 du concours, nous vous invitons \u00e0 vous connecter, \u00e0 ressentir, \u00e0 conqu\u00e9rir de nouvelles fronti\u00e8res.<\/p>\n\n\n\n<p><strong>Sentiments Artificiels<\/strong><strong><\/strong><\/p>\n\n\n\n<p>Quand les fronti\u00e8res entre l\u2019irrationnel et la logique s\u2019estompent.<\/p>\n\n\n\n<p><em>L\u2019homme serait conscient, et capable de r\u00eaver, tandis que les syst\u00e8mes cr\u00e9\u00e9s par l\u2019homme ne feraient que l\u2019imiter. Les sentiments, les \u00e9motions, la b\u00eatise seraient naturels, et l\u2019intelligence, artificielle. Ces fronti\u00e8res sont-elles immuables ? C\u2019est \u00e0 vous de nous emmener, \u00e0 travers une nouvelle, \u00e0 la rencontre d\u2019intelligences qui seraient plus vraies que nature, o\u00f9 l\u2019on ne distingue plus les pens\u00e9es humaines des pens\u00e9es g\u00e9n\u00e9r\u00e9es par des cerveaux programm\u00e9s, o\u00f9 les fronti\u00e8res entre l\u2019irrationnel et la logique s\u2019estompent.<\/em><\/p>\n\n\n\n<p>Les nouvelles propos\u00e9es se devront de s\u2019inscrire dans ce th\u00e8me.<\/p>\n\n\n\n<p>Le concours est ouvert aux candidats francophones, sans distinction de nationalit\u00e9 ou de r\u00e9sidence, \u00e0 partir de 16 ans.<\/p>\n\n\n\n<p>De genres litt\u00e9raires libres, les textes envoy\u00e9s devront respecter la contrainte de 15 000 signes, espaces compris, ainsi que les contraintes de format d\u00e9taill\u00e9es dans le r\u00e8glement ci-dessous.<\/p>\n\n\n\n<p>Votre nouvelle devra \u00eatre envoy\u00e9e via ce <a href=\"https:\/\/forms.gle\/jRyPLAigQabTF7j4A\">\u00ab formulaire GoogleForm \u00bb<\/a>, dont le lien est \u00e9galement disponible dans le d\u00e9tail du r\u00e8glement. Les soumissions sont ouvertes jusqu\u2019au 30 Juin 2025 \u00e0 minuit.<\/p>\n\n\n\n<p><a href=\"https:\/\/envoldesmotslac.wordpress.com\/wp-content\/uploads\/2025\/04\/reglement-envol-des-nouvelles-2025.pdf\">Reglement concours 2025 \u2013 T\u00e9l\u00e9charger<\/a><\/p>\n\n\n\n<p>Bonne \u00e9criture, nous vous esp\u00e9rons nombreuses et nombreux !<\/p>\n\n\n\n<p>L\u2019\u00e9quipe de la Cultural Society<\/p>","protected":false},"excerpt":{"rendered":"<p>Cher(e)s adh\u00e9rent(e)s, Le concours de nouvelles 2025 de l\u2019Envol des Mots (nos amis du LAC), en association avec l\u2019atelier d\u2019\u00e9criture de la Cultural, l\u2019Aile ou la Plume, est lanc\u00e9 ! Le concours est ouvert \u00e0 toutes et \u00e0 tous. Sous la pr\u00e9sidence de J\u00e9r\u00e9my B\u00e9rard, membre de L\u2019Aile ou la Plume, laur\u00e9at des \u00e9ditions 2019, [&hellip;]<\/p>\n","protected":false},"author":114,"featured_media":6710,"comment_status":"closed","ping_status":"closed","sticky":false,"template":"","format":"standard","meta":{"_acf_changed":false,"_exactmetrics_skip_tracking":false,"ocean_front_end_style_editor":"no","ocean_post_layout":"","ocean_both_sidebars_style":"","ocean_both_sidebars_content_width":0,"ocean_both_sidebars_sidebars_width":0,"ocean_sidebar":"","ocean_second_sidebar":"","ocean_disable_margins":"enable","ocean_add_body_class":"","ocean_shortcode_before_top_bar":"","ocean_shortcode_after_top_bar":"","ocean_shortcode_before_header":"","ocean_shortcode_after_header":"","ocean_has_shortcode":"","ocean_shortcode_after_title":"","ocean_shortcode_before_footer_widgets":"","ocean_shortcode_after_footer_widgets":"","ocean_shortcode_before_footer_bottom":"","ocean_shortcode_after_footer_bottom":"","ocean_display_top_bar":"default","ocean_display_header":"default","ocean_header_style":"","ocean_center_header_left_menu":"","ocean_custom_header_template":"","ocean_custom_logo":0,"ocean_custom_retina_logo":0,"ocean_custom_logo_max_width":0,"ocean_custom_logo_tablet_max_width":0,"ocean_custom_logo_mobile_max_width":0,"ocean_custom_logo_max_height":0,"ocean_custom_logo_tablet_max_height":0,"ocean_custom_logo_mobile_max_height":0,"ocean_header_custom_menu":"","ocean_menu_typo_font_family":"","ocean_menu_typo_font_subset":"","ocean_menu_typo_font_size":0,"ocean_menu_typo_font_size_tablet":0,"ocean_menu_typo_font_size_mobile":0,"ocean_menu_typo_font_size_unit":"px","ocean_menu_typo_font_weight":"","ocean_menu_typo_font_weight_tablet":"","ocean_menu_typo_font_weight_mobile":"","ocean_menu_typo_transform":"","ocean_menu_typo_transform_tablet":"","ocean_menu_typo_transform_mobile":"","ocean_menu_typo_line_height":0,"ocean_menu_typo_line_height_tablet":0,"ocean_menu_typo_line_height_mobile":0,"ocean_menu_typo_line_height_unit":"","ocean_menu_typo_spacing":0,"ocean_menu_typo_spacing_tablet":0,"ocean_menu_typo_spacing_mobile":0,"ocean_menu_typo_spacing_unit":"","ocean_menu_link_color":"","ocean_menu_link_color_hover":"","ocean_menu_link_color_active":"","ocean_menu_link_background":"","ocean_menu_link_hover_background":"","ocean_menu_link_active_background":"","ocean_menu_social_links_bg":"","ocean_menu_social_hover_links_bg":"","ocean_menu_social_links_color":"","ocean_menu_social_hover_links_color":"","ocean_disable_title":"default","ocean_disable_heading":"default","ocean_post_title":"","ocean_post_subheading":"","ocean_post_title_style":"","ocean_post_title_background_color":"","ocean_post_title_background":0,"ocean_post_title_bg_image_position":"","ocean_post_title_bg_image_attachment":"","ocean_post_title_bg_image_repeat":"","ocean_post_title_bg_image_size":"","ocean_post_title_height":0,"ocean_post_title_bg_overlay":0.5,"ocean_post_title_bg_overlay_color":"","ocean_disable_breadcrumbs":"default","ocean_breadcrumbs_color":"","ocean_breadcrumbs_separator_color":"","ocean_breadcrumbs_links_color":"","ocean_breadcrumbs_links_hover_color":"","ocean_display_footer_widgets":"default","ocean_display_footer_bottom":"default","ocean_custom_footer_template":"","ocean_post_oembed":"","ocean_post_self_hosted_media":"","ocean_post_video_embed":"","ocean_link_format":"","ocean_link_format_target":"self","ocean_quote_format":"","ocean_quote_format_link":"post","ocean_gallery_link_images":"on","ocean_gallery_id":[],"footnotes":"","_members_access_role":[],"_members_access_error":""},"categories":[58,52],"tags":[],"class_list":["post-6706","post","type-post","status-publish","format-standard","has-post-thumbnail","hentry","category-cultural","category-sections","entry","has-media"],"acf":[],"_links":{"self":[{"href":"https:\/\/airbus-staff-associations.org\/en\/wp-json\/wp\/v2\/posts\/6706","targetHints":{"allow":["GET"]}}],"collection":[{"href":"https:\/\/airbus-staff-associations.org\/en\/wp-json\/wp\/v2\/posts"}],"about":[{"href":"https:\/\/airbus-staff-associations.org\/en\/wp-json\/wp\/v2\/types\/post"}],"author":[{"embeddable":true,"href":"https:\/\/airbus-staff-associations.org\/en\/wp-json\/wp\/v2\/users\/114"}],"replies":[{"embeddable":true,"href":"https:\/\/airbus-staff-associations.org\/en\/wp-json\/wp\/v2\/comments?post=6706"}],"version-history":[{"count":0,"href":"https:\/\/airbus-staff-associations.org\/en\/wp-json\/wp\/v2\/posts\/6706\/revisions"}],"wp:featuredmedia":[{"embeddable":true,"href":"https:\/\/airbus-staff-associations.org\/en\/wp-json\/wp\/v2\/media\/6710"}],"wp:attachment":[{"href":"https:\/\/airbus-staff-associations.org\/en\/wp-json\/wp\/v2\/media?parent=6706"}],"wp:term":[{"taxonomy":"category","embeddable":true,"href":"https:\/\/airbus-staff-associations.org\/en\/wp-json\/wp\/v2\/categories?post=6706"},{"taxonomy":"post_tag","embeddable":true,"href":"https:\/\/airbus-staff-associations.org\/en\/wp-json\/wp\/v2\/tags?post=6706"}],"curies":[{"name":"wp","href":"https:\/\/api.w.org\/{rel}","templated":true}]}}