{"id":6772,"date":"2025-05-19T16:30:08","date_gmt":"2025-05-19T14:30:08","guid":{"rendered":"https:\/\/airbus-staff-associations.org\/?p=6772"},"modified":"2025-05-19T16:30:10","modified_gmt":"2025-05-19T14:30:10","slug":"assemblee-generale-wind-and-wave-11-mars-2","status":"publish","type":"post","link":"https:\/\/airbus-staff-associations.org\/en\/blog\/assemblee-generale-wind-and-wave-11-mars-2\/","title":{"rendered":"WIND AND WAVE  &#8211; Stage d\u00e9couverte de KITE &#8211; 14\/18 ans"},"content":{"rendered":"<p>Chers Wind &amp; Wavers,<\/p>\n\n\n\n<p>La Section Kite de la Wind and Wave propose un stage de d\u00e9couverte de Kite en partenariat avec NKP sur l&rsquo;\u00e9tang de la nautique (Bages)<\/p>\n\n\n\n<p>Ce stage s&rsquo;adresse aux filles et gar\u00e7ons d\u00e9sireux d&rsquo;apprendre&nbsp;le kite.<\/p>\n\n\n\n<p>les conditions sont :<\/p>\n\n\n\n<ul class=\"wp-block-list\">\n<li>L&rsquo;ado doit faire<strong>&nbsp;plus de 45kg&nbsp;<\/strong><\/li>\n\n\n\n<li><strong>age 14 ans min&nbsp;et jusqu \u00e0 18 ans<\/strong>&nbsp;<\/li>\n\n\n\n<li>\u00eatre inscrit \u00e0 la Wind &amp; Wave le jour du stage<\/li>\n<\/ul>\n\n\n\n<p>6 sessions propos\u00e9es&nbsp;avec recommandation<strong>&nbsp;de ne s&rsquo;inscrire&nbsp;qu&rsquo;\u00e0 UNE demi-journ\u00e9e par jour&nbsp;<\/strong>car c&rsquo; est assez fatiguant en d\u00e9but (\u00e7a reste une recommandation).&nbsp;<\/p>\n\n\n\n<p>Vendredi 29 Aout\u00a0<strong>Matin\u00a0<\/strong> \/ Vendredi 29 Aout A<strong>pr\u00e8s midi\u00a0<\/strong><\/p>\n\n\n\n<p>Samedi 30 Aout\u00a0<strong>Matin\u00a0<\/strong>\/ Samedi 30 Aout<strong>\u00a0Apr\u00e8s midi\u00a0<\/strong><\/p>\n\n\n\n<p>Dimanche 31 Aout M<strong>atin\u00a0<\/strong>\/ Dimanche 31 Aout\u00a0<strong>Apr\u00e8s midi<\/strong><\/p>\n\n\n\n<p>Le co\u00fbt est de 40\u20ac\/ demi journ\u00e9e apr\u00e8s subvention AISA (60%).<\/p>\n\n\n\n<p class=\"has-vivid-green-cyan-color has-text-color has-link-color wp-elements-940a2ab033af30a456a4ae995e244905\">Il n&rsquo;y aura que 4 jeunes par session.<\/p>\n\n\n\n<p>Il faudra que votre enfant soit inscrit \u00e0 la Wind &amp; Wave avant la confirmation de la session. <\/p>\n\n\n\n<p class=\"has-pale-cyan-blue-background-color has-background\">Inscription AISA : 20\u20ac + certificat m\u00e9dical de moins de 1an (ou attestation sur l&rsquo;honneur si certificat de moins de 3 ans)<\/p>\n\n\n\n<p>Pour s&rsquo;inscrire, il suffit d&rsquo;aller dans le fichier habituel onglet : <a href=\"https:\/\/fra01.safelinks.protection.outlook.com\/?url=https%3A%2F%2Fdocs.google.com%2Fspreadsheets%2Fd%2F1aNznoboK_LAD-pQyOzpaWMzOCEQW8M3yfI5TR8cAGPM%2Fedit%3Fgid%3D522852657%23gid%3D522852657&amp;data=05%7C02%7CIngrid.Fima%40aisc-airbus.com%7C71bb4e1baea74391af4708dd96dd97e5%7C160359faf20b45eb9bd5cccc81f27ca5%7C0%7C0%7C638832600753112075%7CUnknown%7CTWFpbGZsb3d8eyJFbXB0eU1hcGkiOnRydWUsIlYiOiIwLjAuMDAwMCIsIlAiOiJXaW4zMiIsIkFOIjoiTWFpbCIsIldUIjoyfQ%3D%3D%7C0%7C%7C%7C&amp;sdata=Acg9xAQ%2BEmimXMSM4vlOpzKXcEytXOvFs9nnxoWOC4I%3D&amp;reserved=0\" target=\"_blank\" rel=\"noreferrer noopener\">Inscription Jeune only<\/a><\/p>\n\n\n\n<p><strong>La cl\u00f4ture des inscriptions sera le&nbsp; Vendredi&nbsp;<\/strong><strong>27 Juin 2025<\/strong><\/p>\n\n\n\n<p>et la confirmation des sessions se fera par Mathieu NKP en fonction des pr\u00e9visions de vent.<\/p>\n\n\n\n<p>Pour les parents kiteurs il y aura la possibilit\u00e9 d&rsquo;\u00eatre en Navigation surveill\u00e9e en m\u00eame temps (18\u20ac \/ demi journ\u00e9e apr\u00e8s subvention).<\/p>\n\n\n\n<p><strong>Il faudra vous inscrire directement aupr\u00e8s de NKP.&nbsp; 06 79 82 72 53 (Mathieu)<\/strong><\/p>\n\n\n\n<p>Il s&rsquo;agit d&rsquo;une premi\u00e8re, soyez indulgent sur l&rsquo;organisation<\/p>\n\n\n\n<p class=\"has-vivid-cyan-blue-color has-text-color has-link-color has-medium-font-size wp-elements-73a2a70a418c0343ed7a726452024c7f\"><strong>Nico pour la Wind &amp; Wave section KITE<\/strong><\/p>\n\n\n\n<p><\/p>\n\n\n\n<p><strong>Plus d&rsquo;infos sur la section W&amp;W kite :<\/strong><\/p>\n\n\n\n<p><a href=\"https:\/\/fra01.safelinks.protection.outlook.com\/?url=https%3A%2F%2Fmail.google.com%2Fmail%2Fu%2F0%3Fui%3D2%26ik%3Ddf3a56d067%26attid%3D0.1%26permmsgid%3Dmsg-f%3A1828852401027463601%26th%3D19616391addcb9b1%26view%3Datt%26disp%3Dinline%26realattid%3Df_m98ohrva0%26zw&amp;data=05%7C02%7CIngrid.Fima%40aisc-airbus.com%7C71bb4e1baea74391af4708dd96dd97e5%7C160359faf20b45eb9bd5cccc81f27ca5%7C0%7C0%7C638832600753132774%7CUnknown%7CTWFpbGZsb3d8eyJFbXB0eU1hcGkiOnRydWUsIlYiOiIwLjAuMDAwMCIsIlAiOiJXaW4zMiIsIkFOIjoiTWFpbCIsIldUIjoyfQ%3D%3D%7C0%7C%7C%7C&amp;sdata=sZqS29C%2FMk%2BKmTVYVD97mh9lpDuHvcF5UQEUyGPebQ4%3D&amp;reserved=0\" target=\"_blank\" rel=\"noreferrer noopener\">W&amp;W WindSurf &amp; Kite Flyer<\/a><\/p>\n\n\n\n<p><a href=\"https:\/\/fra01.safelinks.protection.outlook.com\/?url=https%3A%2F%2Fdocs.google.com%2Fspreadsheets%2Fd%2F1b68FCvF1LN_U2Uy1e-SuW3_YTVQy585bUOBxKYXUaXA%2Fedit%3Fgid%3D1985387651%26usp%3Dgmail%23gid%3D1985387651&amp;data=05%7C02%7CIngrid.Fima%40aisc-airbus.com%7C71bb4e1baea74391af4708dd96dd97e5%7C160359faf20b45eb9bd5cccc81f27ca5%7C0%7C0%7C638832600753146818%7CUnknown%7CTWFpbGZsb3d8eyJFbXB0eU1hcGkiOnRydWUsIlYiOiIwLjAuMDAwMCIsIlAiOiJXaW4zMiIsIkFOIjoiTWFpbCIsIldUIjoyfQ%3D%3D%7C0%7C%7C%7C&amp;sdata=bBnrEI%2F9MJ%2BfIvh8wMgIpfQfoDIF471QTfYMERgF8Zo%3D&amp;reserved=0\" target=\"_blank\" rel=\"noreferrer noopener\">Planning des Activit\u00e9s Kite 2025<\/a><\/p>\n\n\n\n<p><a href=\"https:\/\/fra01.safelinks.protection.outlook.com\/?url=https%3A%2F%2Fdocs.google.com%2Fspreadsheets%2Fd%2F1aNznoboK_LAD-pQyOzpaWMzOCEQW8M3yfI5TR8cAGPM%2Fedit%3Fgid%3D1505295129%26usp%3Dgmail%23gid%3D1505295129&amp;data=05%7C02%7CIngrid.Fima%40aisc-airbus.com%7C71bb4e1baea74391af4708dd96dd97e5%7C160359faf20b45eb9bd5cccc81f27ca5%7C0%7C0%7C638832600753160551%7CUnknown%7CTWFpbGZsb3d8eyJFbXB0eU1hcGkiOnRydWUsIlYiOiIwLjAuMDAwMCIsIlAiOiJXaW4zMiIsIkFOIjoiTWFpbCIsIldUIjoyfQ%3D%3D%7C0%7C%7C%7C&amp;sdata=uC5iEU58CZtyASWH84W3QauDib6POeseA%2FDqmuJGxRk%3D&amp;reserved=0\" target=\"_blank\" rel=\"noreferrer noopener\">Inscriptions Atelier Kite 2025<\/a><\/p>\n\n\n\n<p>******************************************************************************************<\/p>\n\n\n\n<p>La Wind and Wave Society, c\u2019est du kitesurf, de la planche \u00e0 voile, du ski nautique, du wakeboard et du surf.<\/p>\n\n\n\n<p>Pour tout renseignement compl\u00e9mentaire, nos sp\u00e9cialistes sont \u00e0 votre disposition:<\/p>\n\n\n\n<ul class=\"wp-block-list\">\n<li><strong><em>Website<\/em><\/strong><strong>:&nbsp;<\/strong><a href=\"https:\/\/fra01.safelinks.protection.outlook.com\/?url=http%3A%2F%2Fr.email.aisc-airbus.com%2Ftr%2Fcl%2FfmsUAlPLb2Jtzk5oIiyIxpzIxP9cWCicJYU9Y0FtJ3ZGon_eAXOOury1N7x37mWONB-0xAXhq9gsXjrA2rGvAaPTNu3eM36FBT5Gmo2hA6SEZrxsMgcM80vLVZNh8qbimK1Zo9-rVg9PumOd4J_hzdlq1iSYb-Ss-d9enY13ofTiO0gl_zVXq7SfX4wR9wVm0WsYfaynrx1BovSTu3B1_H7-PTYJFV4K&amp;data=05%7C02%7CIngrid.Fima%40aisc-airbus.com%7C71bb4e1baea74391af4708dd96dd97e5%7C160359faf20b45eb9bd5cccc81f27ca5%7C0%7C0%7C638832600753173990%7CUnknown%7CTWFpbGZsb3d8eyJFbXB0eU1hcGkiOnRydWUsIlYiOiIwLjAuMDAwMCIsIlAiOiJXaW4zMiIsIkFOIjoiTWFpbCIsIldUIjoyfQ%3D%3D%7C0%7C%7C%7C&amp;sdata=P3tTwLjRaa8OBHUPQ%2F2k6ula15CgNe32tyvCKBq99Us%3D&amp;reserved=0\" target=\"_blank\" rel=\"noreferrer noopener\">https:\/\/airbus-staff-associations.org\/wind-wave\/<\/a><\/li>\n\n\n\n<li><strong><em>Planche \u00e0 voile<\/em><\/strong><strong><em>:<\/em><\/strong><em>&nbsp;Daniel&nbsp;<\/em>BICAL (Pr\u00e9sident)<\/li>\n\n\n\n<li><strong><em>Kitesurf<\/em><\/strong><strong><em>:<\/em><\/strong>&nbsp;Herv\u00e9&nbsp;LETOURNEUR, Pierre-Henri JACQUELINE, Nicolas PASSICOS<\/li>\n\n\n\n<li><strong><em>Wakeboard<\/em><\/strong>&nbsp;:&nbsp;Samy&nbsp;LLANTA<\/li>\n\n\n\n<li><strong><em>Ski nautique<\/em><\/strong><strong><em>&nbsp;<\/em><\/strong>:&nbsp;Sandrine&nbsp;CATHERINE<\/li>\n\n\n\n<li><strong><em>Surf<\/em><\/strong>:&nbsp;Hamad&nbsp;SENTISSI<\/li>\n<\/ul>\n\n\n\n<p>A bient\u00f4t sur l\u2019eau,<\/p>\n\n\n\n<p><strong><em>L\u2019\u00e9quipe&nbsp;<\/em><\/strong><em>Wind and Wave&nbsp;&nbsp;&nbsp;&nbsp;&nbsp;&nbsp;&nbsp; &nbsp; &nbsp;&nbsp;<\/em><\/p>\n\n\n\n<p><\/p>","protected":false},"excerpt":{"rendered":"<p>Chers Wind &amp; Wavers, La Section Kite de la Wind and Wave propose un stage de d\u00e9couverte de Kite en partenariat avec NKP sur l&rsquo;\u00e9tang de la nautique (Bages) Ce stage s&rsquo;adresse aux filles et gar\u00e7ons d\u00e9sireux d&rsquo;apprendre&nbsp;le kite. les conditions sont : 6 sessions propos\u00e9es&nbsp;avec recommandation&nbsp;de ne s&rsquo;inscrire&nbsp;qu&rsquo;\u00e0 UNE demi-journ\u00e9e par jour&nbsp;car c&rsquo; est [&hellip;]<\/p>\n","protected":false},"author":112,"featured_media":6773,"comment_status":"closed","ping_status":"closed","sticky":false,"template":"","format":"standard","meta":{"_acf_changed":false,"_exactmetrics_skip_tracking":false,"ocean_front_end_style_editor":"no","ocean_post_layout":"","ocean_both_sidebars_style":"","ocean_both_sidebars_content_width":0,"ocean_both_sidebars_sidebars_width":0,"ocean_sidebar":"","ocean_second_sidebar":"","ocean_disable_margins":"enable","ocean_add_body_class":"","ocean_shortcode_before_top_bar":"","ocean_shortcode_after_top_bar":"","ocean_shortcode_before_header":"","ocean_shortcode_after_header":"","ocean_has_shortcode":"","ocean_shortcode_after_title":"","ocean_shortcode_before_footer_widgets":"","ocean_shortcode_after_footer_widgets":"","ocean_shortcode_before_footer_bottom":"","ocean_shortcode_after_footer_bottom":"","ocean_display_top_bar":"default","ocean_display_header":"default","ocean_header_style":"","ocean_center_header_left_menu":"","ocean_custom_header_template":"","ocean_custom_logo":0,"ocean_custom_retina_logo":0,"ocean_custom_logo_max_width":0,"ocean_custom_logo_tablet_max_width":0,"ocean_custom_logo_mobile_max_width":0,"ocean_custom_logo_max_height":0,"ocean_custom_logo_tablet_max_height":0,"ocean_custom_logo_mobile_max_height":0,"ocean_header_custom_menu":"","ocean_menu_typo_font_family":"","ocean_menu_typo_font_subset":"","ocean_menu_typo_font_size":0,"ocean_menu_typo_font_size_tablet":0,"ocean_menu_typo_font_size_mobile":0,"ocean_menu_typo_font_size_unit":"px","ocean_menu_typo_font_weight":"","ocean_menu_typo_font_weight_tablet":"","ocean_menu_typo_font_weight_mobile":"","ocean_menu_typo_transform":"","ocean_menu_typo_transform_tablet":"","ocean_menu_typo_transform_mobile":"","ocean_menu_typo_line_height":0,"ocean_menu_typo_line_height_tablet":0,"ocean_menu_typo_line_height_mobile":0,"ocean_menu_typo_line_height_unit":"","ocean_menu_typo_spacing":0,"ocean_menu_typo_spacing_tablet":0,"ocean_menu_typo_spacing_mobile":0,"ocean_menu_typo_spacing_unit":"","ocean_menu_link_color":"","ocean_menu_link_color_hover":"","ocean_menu_link_color_active":"","ocean_menu_link_background":"","ocean_menu_link_hover_background":"","ocean_menu_link_active_background":"","ocean_menu_social_links_bg":"","ocean_menu_social_hover_links_bg":"","ocean_menu_social_links_color":"","ocean_menu_social_hover_links_color":"","ocean_disable_title":"default","ocean_disable_heading":"default","ocean_post_title":"","ocean_post_subheading":"","ocean_post_title_style":"","ocean_post_title_background_color":"","ocean_post_title_background":0,"ocean_post_title_bg_image_position":"","ocean_post_title_bg_image_attachment":"","ocean_post_title_bg_image_repeat":"","ocean_post_title_bg_image_size":"","ocean_post_title_height":0,"ocean_post_title_bg_overlay":0.5,"ocean_post_title_bg_overlay_color":"","ocean_disable_breadcrumbs":"default","ocean_breadcrumbs_color":"","ocean_breadcrumbs_separator_color":"","ocean_breadcrumbs_links_color":"","ocean_breadcrumbs_links_hover_color":"","ocean_display_footer_widgets":"default","ocean_display_footer_bottom":"default","ocean_custom_footer_template":"","ocean_post_oembed":"","ocean_post_self_hosted_media":"","ocean_post_video_embed":"","ocean_link_format":"","ocean_link_format_target":"self","ocean_quote_format":"","ocean_quote_format_link":"post","ocean_gallery_link_images":"on","ocean_gallery_id":[],"footnotes":"","_members_access_role":[],"_members_access_error":""},"categories":[75],"tags":[],"class_list":["post-6772","post","type-post","status-publish","format-standard","has-post-thumbnail","hentry","category-wind-wave","entry","has-media"],"acf":[],"_links":{"self":[{"href":"https:\/\/airbus-staff-associations.org\/en\/wp-json\/wp\/v2\/posts\/6772","targetHints":{"allow":["GET"]}}],"collection":[{"href":"https:\/\/airbus-staff-associations.org\/en\/wp-json\/wp\/v2\/posts"}],"about":[{"href":"https:\/\/airbus-staff-associations.org\/en\/wp-json\/wp\/v2\/types\/post"}],"author":[{"embeddable":true,"href":"https:\/\/airbus-staff-associations.org\/en\/wp-json\/wp\/v2\/users\/112"}],"replies":[{"embeddable":true,"href":"https:\/\/airbus-staff-associations.org\/en\/wp-json\/wp\/v2\/comments?post=6772"}],"version-history":[{"count":0,"href":"https:\/\/airbus-staff-associations.org\/en\/wp-json\/wp\/v2\/posts\/6772\/revisions"}],"wp:featuredmedia":[{"embeddable":true,"href":"https:\/\/airbus-staff-associations.org\/en\/wp-json\/wp\/v2\/media\/6773"}],"wp:attachment":[{"href":"https:\/\/airbus-staff-associations.org\/en\/wp-json\/wp\/v2\/media?parent=6772"}],"wp:term":[{"taxonomy":"category","embeddable":true,"href":"https:\/\/airbus-staff-associations.org\/en\/wp-json\/wp\/v2\/categories?post=6772"},{"taxonomy":"post_tag","embeddable":true,"href":"https:\/\/airbus-staff-associations.org\/en\/wp-json\/wp\/v2\/tags?post=6772"}],"curies":[{"name":"wp","href":"https:\/\/api.w.org\/{rel}","templated":true}]}}