{"id":8282,"date":"2026-03-12T10:53:09","date_gmt":"2026-03-12T09:53:09","guid":{"rendered":"https:\/\/airbus-staff-associations.org\/?p=8282"},"modified":"2026-03-12T10:57:59","modified_gmt":"2026-03-12T09:57:59","slug":"cultural-society-tous-en-scene-2","status":"publish","type":"post","link":"https:\/\/airbus-staff-associations.org\/en\/blog\/cultural-society-tous-en-scene-2\/","title":{"rendered":"CULTURAL SOCIETY : Un nouvel Atelier Carterie du Printemps vous attend"},"content":{"rendered":"<p class=\"has-medium-font-size\">Ch\u00e8res adh\u00e9rentes, chers adh\u00e9rents,<\/p>\n\n\n\n<p class=\"has-medium-font-size\">Venez mettre de la couleur dans votre vie en confectionnant des cartes printanni\u00e8res (f\u00eate, anniversaire, invitation ou autre).<\/p>\n\n\n\n<p class=\"has-medium-font-size\"><strong>L\u2018atelier de carterie aura lieu le vendredi 20 mars de 12 \u00e0 14 h dans la salle AISA Jean-Claude \u00e0 Blagnac.<\/strong><\/p>\n\n\n\n<p class=\"has-medium-font-size\">D\u00e9coupez, collez, pliez, tamponnez&#8230; dans la joie et la bonne humeur. <\/p>\n\n\n\n<p class=\"has-medium-font-size\">D\u00e9butant(e) ou confirm\u00e9(e), votre niveau n\u2018a pas d&rsquo;importance. Mat\u00e9riel fourni pour la r\u00e9alisation de 2 cartes. Inscription&nbsp; possible \u00e0 partir de 12 ans.<\/p>\n\n\n\n<p class=\"has-medium-font-size\">Tarif: 11\u20ac adh\u00e9rents Cultural Society \/ 22\u20ac non-adh\u00e9rents.<\/p>\n\n\n\n<p class=\"has-medium-font-size\">N\u2018attendez pas pour vous inscrire, on se r\u00e9jouit de vous retrouver.<\/p>\n\n\n\n<p class=\"has-medium-font-size\">Contactez Sophie:&nbsp; <a href=\"mailto:born.heiko@neuf.fr\">born.heiko@neuf.fr<\/a><\/p>\n\n\n\n<p class=\"has-medium-font-size\">Le Bureau de la Cultural<\/p>","protected":false},"excerpt":{"rendered":"<p>Ch\u00e8res adh\u00e9rentes, chers adh\u00e9rents, Venez mettre de la couleur dans votre vie en confectionnant des cartes printanni\u00e8res (f\u00eate, anniversaire, invitation ou autre). L\u2018atelier de carterie aura lieu le vendredi 20 mars de 12 \u00e0 14 h dans la salle AISA Jean-Claude \u00e0 Blagnac. D\u00e9coupez, collez, pliez, tamponnez&#8230; dans la joie et la bonne humeur. D\u00e9butant(e) [&hellip;]<\/p>\n","protected":false},"author":9001,"featured_media":8287,"comment_status":"closed","ping_status":"closed","sticky":false,"template":"","format":"standard","meta":{"_acf_changed":false,"_exactmetrics_skip_tracking":false,"ocean_front_end_style_editor":"no","ocean_post_layout":"","ocean_both_sidebars_style":"","ocean_both_sidebars_content_width":0,"ocean_both_sidebars_sidebars_width":0,"ocean_sidebar":"","ocean_second_sidebar":"","ocean_disable_margins":"enable","ocean_add_body_class":"","ocean_shortcode_before_top_bar":"","ocean_shortcode_after_top_bar":"","ocean_shortcode_before_header":"","ocean_shortcode_after_header":"","ocean_has_shortcode":"","ocean_shortcode_after_title":"","ocean_shortcode_before_footer_widgets":"","ocean_shortcode_after_footer_widgets":"","ocean_shortcode_before_footer_bottom":"","ocean_shortcode_after_footer_bottom":"","ocean_display_top_bar":"default","ocean_display_header":"default","ocean_header_style":"","ocean_center_header_left_menu":"","ocean_custom_header_template":"","ocean_custom_logo":0,"ocean_custom_retina_logo":0,"ocean_custom_logo_max_width":0,"ocean_custom_logo_tablet_max_width":0,"ocean_custom_logo_mobile_max_width":0,"ocean_custom_logo_max_height":0,"ocean_custom_logo_tablet_max_height":0,"ocean_custom_logo_mobile_max_height":0,"ocean_header_custom_menu":"","ocean_menu_typo_font_family":"","ocean_menu_typo_font_subset":"","ocean_menu_typo_font_size":0,"ocean_menu_typo_font_size_tablet":0,"ocean_menu_typo_font_size_mobile":0,"ocean_menu_typo_font_size_unit":"px","ocean_menu_typo_font_weight":"","ocean_menu_typo_font_weight_tablet":"","ocean_menu_typo_font_weight_mobile":"","ocean_menu_typo_transform":"","ocean_menu_typo_transform_tablet":"","ocean_menu_typo_transform_mobile":"","ocean_menu_typo_line_height":0,"ocean_menu_typo_line_height_tablet":0,"ocean_menu_typo_line_height_mobile":0,"ocean_menu_typo_line_height_unit":"","ocean_menu_typo_spacing":0,"ocean_menu_typo_spacing_tablet":0,"ocean_menu_typo_spacing_mobile":0,"ocean_menu_typo_spacing_unit":"","ocean_menu_link_color":"","ocean_menu_link_color_hover":"","ocean_menu_link_color_active":"","ocean_menu_link_background":"","ocean_menu_link_hover_background":"","ocean_menu_link_active_background":"","ocean_menu_social_links_bg":"","ocean_menu_social_hover_links_bg":"","ocean_menu_social_links_color":"","ocean_menu_social_hover_links_color":"","ocean_disable_title":"default","ocean_disable_heading":"default","ocean_post_title":"","ocean_post_subheading":"","ocean_post_title_style":"","ocean_post_title_background_color":"","ocean_post_title_background":0,"ocean_post_title_bg_image_position":"","ocean_post_title_bg_image_attachment":"","ocean_post_title_bg_image_repeat":"","ocean_post_title_bg_image_size":"","ocean_post_title_height":0,"ocean_post_title_bg_overlay":0.5,"ocean_post_title_bg_overlay_color":"","ocean_disable_breadcrumbs":"default","ocean_breadcrumbs_color":"","ocean_breadcrumbs_separator_color":"","ocean_breadcrumbs_links_color":"","ocean_breadcrumbs_links_hover_color":"","ocean_display_footer_widgets":"default","ocean_display_footer_bottom":"default","ocean_custom_footer_template":"","ocean_post_oembed":"","ocean_post_self_hosted_media":"","ocean_post_video_embed":"","ocean_link_format":"","ocean_link_format_target":"self","ocean_quote_format":"","ocean_quote_format_link":"post","ocean_gallery_link_images":"on","ocean_gallery_id":[],"footnotes":"","_members_access_role":[],"_members_access_error":""},"categories":[58,52],"tags":[],"class_list":["post-8282","post","type-post","status-publish","format-standard","has-post-thumbnail","hentry","category-cultural","category-sections","entry","has-media"],"acf":[],"_links":{"self":[{"href":"https:\/\/airbus-staff-associations.org\/en\/wp-json\/wp\/v2\/posts\/8282","targetHints":{"allow":["GET"]}}],"collection":[{"href":"https:\/\/airbus-staff-associations.org\/en\/wp-json\/wp\/v2\/posts"}],"about":[{"href":"https:\/\/airbus-staff-associations.org\/en\/wp-json\/wp\/v2\/types\/post"}],"author":[{"embeddable":true,"href":"https:\/\/airbus-staff-associations.org\/en\/wp-json\/wp\/v2\/users\/9001"}],"replies":[{"embeddable":true,"href":"https:\/\/airbus-staff-associations.org\/en\/wp-json\/wp\/v2\/comments?post=8282"}],"version-history":[{"count":0,"href":"https:\/\/airbus-staff-associations.org\/en\/wp-json\/wp\/v2\/posts\/8282\/revisions"}],"wp:featuredmedia":[{"embeddable":true,"href":"https:\/\/airbus-staff-associations.org\/en\/wp-json\/wp\/v2\/media\/8287"}],"wp:attachment":[{"href":"https:\/\/airbus-staff-associations.org\/en\/wp-json\/wp\/v2\/media?parent=8282"}],"wp:term":[{"taxonomy":"category","embeddable":true,"href":"https:\/\/airbus-staff-associations.org\/en\/wp-json\/wp\/v2\/categories?post=8282"},{"taxonomy":"post_tag","embeddable":true,"href":"https:\/\/airbus-staff-associations.org\/en\/wp-json\/wp\/v2\/tags?post=8282"}],"curies":[{"name":"wp","href":"https:\/\/api.w.org\/{rel}","templated":true}]}}