{"id":8295,"date":"2026-03-13T11:24:51","date_gmt":"2026-03-13T10:24:51","guid":{"rendered":"https:\/\/airbus-staff-associations.org\/?p=8295"},"modified":"2026-03-13T11:26:29","modified_gmt":"2026-03-13T10:26:29","slug":"cultural-society-tous-en-scene-3","status":"publish","type":"post","link":"https:\/\/airbus-staff-associations.org\/en\/blog\/cultural-society-tous-en-scene-3\/","title":{"rendered":"CULTURAL SOCIETY : L&rsquo;atelier Photo\/Vid\u00e9o\/Drone \u00e0 l&rsquo;honneur au Festival Culturel AISC"},"content":{"rendered":"<p class=\"has-medium-font-size\">Ch\u00e8res adh\u00e9rentes, chers adh\u00e9rents,<\/p>\n\n\n\n<p class=\"has-medium-font-size\">Les photographes de la section Cultural expose les monuments toulousains au premier Festival Culturel de l&rsquo;AISC.<\/p>\n\n\n\n<p class=\"has-medium-font-size\"><strong>Cette exposition se situe dans le hall (libre acc\u00e8s) de la salle Nougaro <\/strong>(20 chemin de Garic \u00e0 Toulouse).<\/p>\n\n\n\n<p class=\"has-medium-font-size\"><strong>Vous pouvez parcourir l&rsquo;all\u00e9e des clich\u00e9s et d\u00e9couvrir les tr\u00e9sors architecturaux de Toulouse, lors des dates de spectacles des 24, 25 et 26 mars.<\/strong><\/p>\n\n\n\n<p class=\"has-medium-font-size\">D&rsquo;autres arts sont expos\u00e9s \u00e0 cette occasion.<\/p>\n\n\n\n<p class=\"has-medium-font-size\">Quelque soit votre niveau de photographie, vid\u00e9o, ou drone, vous pouvez rejoindre l&rsquo;atelier PVD. <\/p>\n\n\n\n<p class=\"has-medium-font-size\">Tarif : 10\u20ac par an, en plus de l&rsquo;adh\u00e9sion \u00e0 l&rsquo;AISA Cultural (25\u20ac)<\/p>\n\n\n\n<p class=\"has-medium-font-size\">Contact : <a href=\"mailto:andre.taytard@airbus.com\">andre.taytard@airbus.com<\/a><\/p>\n\n\n\n<p class=\"has-medium-font-size\">Photographiquement,<\/p>\n\n\n\n<p class=\"has-medium-font-size\">La CULTURAL Society<\/p>\n\n\n\n<figure class=\"wp-block-image size-full is-resized\"><img decoding=\"async\" src=\"https:\/\/airbus-staff-associations.org\/wp-content\/uploads\/2026\/03\/gallerie_photos-1.jpg\" alt=\"\" class=\"wp-image-8304\" style=\"aspect-ratio:1.651409964981262;width:572px;height:auto\" \/><\/figure>","protected":false},"excerpt":{"rendered":"<p>Ch\u00e8res adh\u00e9rentes, chers adh\u00e9rents, Les photographes de la section Cultural expose les monuments toulousains au premier Festival Culturel de l&rsquo;AISC. Cette exposition se situe dans le hall (libre acc\u00e8s) de la salle Nougaro (20 chemin de Garic \u00e0 Toulouse). Vous pouvez parcourir l&rsquo;all\u00e9e des clich\u00e9s et d\u00e9couvrir les tr\u00e9sors architecturaux de Toulouse, lors des dates [&hellip;]<\/p>\n","protected":false},"author":9001,"featured_media":8300,"comment_status":"closed","ping_status":"closed","sticky":false,"template":"","format":"standard","meta":{"_acf_changed":false,"_exactmetrics_skip_tracking":false,"ocean_front_end_style_editor":"no","ocean_post_layout":"","ocean_both_sidebars_style":"","ocean_both_sidebars_content_width":0,"ocean_both_sidebars_sidebars_width":0,"ocean_sidebar":"","ocean_second_sidebar":"","ocean_disable_margins":"enable","ocean_add_body_class":"","ocean_shortcode_before_top_bar":"","ocean_shortcode_after_top_bar":"","ocean_shortcode_before_header":"","ocean_shortcode_after_header":"","ocean_has_shortcode":"","ocean_shortcode_after_title":"","ocean_shortcode_before_footer_widgets":"","ocean_shortcode_after_footer_widgets":"","ocean_shortcode_before_footer_bottom":"","ocean_shortcode_after_footer_bottom":"","ocean_display_top_bar":"default","ocean_display_header":"default","ocean_header_style":"","ocean_center_header_left_menu":"","ocean_custom_header_template":"","ocean_custom_logo":0,"ocean_custom_retina_logo":0,"ocean_custom_logo_max_width":0,"ocean_custom_logo_tablet_max_width":0,"ocean_custom_logo_mobile_max_width":0,"ocean_custom_logo_max_height":0,"ocean_custom_logo_tablet_max_height":0,"ocean_custom_logo_mobile_max_height":0,"ocean_header_custom_menu":"","ocean_menu_typo_font_family":"","ocean_menu_typo_font_subset":"","ocean_menu_typo_font_size":0,"ocean_menu_typo_font_size_tablet":0,"ocean_menu_typo_font_size_mobile":0,"ocean_menu_typo_font_size_unit":"px","ocean_menu_typo_font_weight":"","ocean_menu_typo_font_weight_tablet":"","ocean_menu_typo_font_weight_mobile":"","ocean_menu_typo_transform":"","ocean_menu_typo_transform_tablet":"","ocean_menu_typo_transform_mobile":"","ocean_menu_typo_line_height":0,"ocean_menu_typo_line_height_tablet":0,"ocean_menu_typo_line_height_mobile":0,"ocean_menu_typo_line_height_unit":"","ocean_menu_typo_spacing":0,"ocean_menu_typo_spacing_tablet":0,"ocean_menu_typo_spacing_mobile":0,"ocean_menu_typo_spacing_unit":"","ocean_menu_link_color":"","ocean_menu_link_color_hover":"","ocean_menu_link_color_active":"","ocean_menu_link_background":"","ocean_menu_link_hover_background":"","ocean_menu_link_active_background":"","ocean_menu_social_links_bg":"","ocean_menu_social_hover_links_bg":"","ocean_menu_social_links_color":"","ocean_menu_social_hover_links_color":"","ocean_disable_title":"default","ocean_disable_heading":"default","ocean_post_title":"","ocean_post_subheading":"","ocean_post_title_style":"","ocean_post_title_background_color":"","ocean_post_title_background":0,"ocean_post_title_bg_image_position":"","ocean_post_title_bg_image_attachment":"","ocean_post_title_bg_image_repeat":"","ocean_post_title_bg_image_size":"","ocean_post_title_height":0,"ocean_post_title_bg_overlay":0.5,"ocean_post_title_bg_overlay_color":"","ocean_disable_breadcrumbs":"default","ocean_breadcrumbs_color":"","ocean_breadcrumbs_separator_color":"","ocean_breadcrumbs_links_color":"","ocean_breadcrumbs_links_hover_color":"","ocean_display_footer_widgets":"default","ocean_display_footer_bottom":"default","ocean_custom_footer_template":"","ocean_post_oembed":"","ocean_post_self_hosted_media":"","ocean_post_video_embed":"","ocean_link_format":"","ocean_link_format_target":"self","ocean_quote_format":"","ocean_quote_format_link":"post","ocean_gallery_link_images":"on","ocean_gallery_id":[],"footnotes":"","_members_access_role":[],"_members_access_error":""},"categories":[58,52],"tags":[],"class_list":["post-8295","post","type-post","status-publish","format-standard","has-post-thumbnail","hentry","category-cultural","category-sections","entry","has-media"],"acf":[],"_links":{"self":[{"href":"https:\/\/airbus-staff-associations.org\/en\/wp-json\/wp\/v2\/posts\/8295","targetHints":{"allow":["GET"]}}],"collection":[{"href":"https:\/\/airbus-staff-associations.org\/en\/wp-json\/wp\/v2\/posts"}],"about":[{"href":"https:\/\/airbus-staff-associations.org\/en\/wp-json\/wp\/v2\/types\/post"}],"author":[{"embeddable":true,"href":"https:\/\/airbus-staff-associations.org\/en\/wp-json\/wp\/v2\/users\/9001"}],"replies":[{"embeddable":true,"href":"https:\/\/airbus-staff-associations.org\/en\/wp-json\/wp\/v2\/comments?post=8295"}],"version-history":[{"count":0,"href":"https:\/\/airbus-staff-associations.org\/en\/wp-json\/wp\/v2\/posts\/8295\/revisions"}],"wp:featuredmedia":[{"embeddable":true,"href":"https:\/\/airbus-staff-associations.org\/en\/wp-json\/wp\/v2\/media\/8300"}],"wp:attachment":[{"href":"https:\/\/airbus-staff-associations.org\/en\/wp-json\/wp\/v2\/media?parent=8295"}],"wp:term":[{"taxonomy":"category","embeddable":true,"href":"https:\/\/airbus-staff-associations.org\/en\/wp-json\/wp\/v2\/categories?post=8295"},{"taxonomy":"post_tag","embeddable":true,"href":"https:\/\/airbus-staff-associations.org\/en\/wp-json\/wp\/v2\/tags?post=8295"}],"curies":[{"name":"wp","href":"https:\/\/api.w.org\/{rel}","templated":true}]}}