{"id":9320,"date":"2026-09-01T08:16:38","date_gmt":"2026-09-01T06:16:38","guid":{"rendered":"https:\/\/airbus-staff-associations.org\/?p=9320"},"modified":"2026-09-01T08:18:02","modified_gmt":"2026-09-01T06:18:02","slug":"karting-society-noubliez-pas-notre-open-day-dimanche-6-septembre-2026","status":"publish","type":"post","link":"https:\/\/airbus-staff-associations.org\/en\/blog\/karting-society-noubliez-pas-notre-open-day-dimanche-6-septembre-2026\/","title":{"rendered":"KARTING SOCIETY : N&rsquo;oubliez pas, Dimanche 6 septembre 2026, notre OPEN DAY pour petits et grands !"},"content":{"rendered":"<p class=\"has-medium-font-size\">Le bureau de l&rsquo;Airbus Karting Society, soutenu par l&rsquo;<strong>Airbus Staff Associations<\/strong>, est heureux de vous convier \u00e0 son traditionnel&nbsp;<strong>Open&nbsp;Day<\/strong>&nbsp;de la rentr\u00e9e, pour partager un bon moment de convivialit\u00e9 avec toute la famille et pour d\u00e9couvrir la pratique du Karting:<\/p>\n\n\n\n<p class=\"has-vivid-cyan-blue-color has-text-color has-link-color has-medium-font-size\"><strong>Quand &amp; O\u00f9 ?<\/strong><\/p>\n\n\n\n<p class=\"has-medium-font-size\">Cette matin\u00e9e se d\u00e9roulera le&nbsp;<strong>dimanche 6 septembre 2026<\/strong>&nbsp;de <strong>8h45 \u00e0 12h30<\/strong> au&nbsp;<strong>Karting de Muret<\/strong>&nbsp;(21 rue Jean-Manuel Fangio, 31600 Muret).<\/p>\n\n\n\n<p class=\"has-vivid-cyan-blue-color has-text-color has-link-color has-medium-font-size\"><strong>Quoi &amp; Qui ?<\/strong><\/p>\n\n\n\n<p class=\"has-medium-font-size\">Vous aurez l&rsquo;opportunit\u00e9 de rencontrer et de discuter avec les membres de l&rsquo;<strong>AKS<\/strong>, de d\u00e9couvrir les activit\u00e9s organis\u00e9es par la section Karting, et bien s\u00fbr, de pouvoir effectuer des tours de pistes, m\u00eame si vous \u00eates d\u00e9butant(e):<\/p>\n\n\n\n<p class=\"has-medium-font-size\">&#8211; Un karting biplace conduit par un instructeur sera disponible pour les enfants \u00e0 partir de&nbsp;<strong>6 ans et 1.20m<\/strong>.<\/p>\n\n\n\n<p class=\"has-medium-font-size\">&#8211; Puis \u00e0 partir de 7 ans (1.35m), vous pourrez effectuer 2 sessions de 10mn sur des machines d\u00e9veloppant 5CV, \u00e0 partir de 13 ans (1.45m) sur des 9CV et \u00e0 partir de 16 ans (1.45m) sur des 15CV.<\/p>\n\n\n\n<p class=\"has-vivid-cyan-blue-color has-text-color has-link-color has-medium-font-size\"><strong>Tarifs et Modalit\u00e9s d&rsquo;Inscription ?<\/strong><\/p>\n\n\n\n<p class=\"has-medium-font-size\">Pour conna\u00eetre les tarifs, nous contacter \u00e0 <a href=\"mailto:contact.aks@airbus.com\"><strong>contact.aks@airbus.com<\/strong><\/a>. Le prix inclut les 2 sessions mais aussi la fourniture du casque et de la minerve si besoin (obligatoire pour les plus jeunes). Il est imp\u00e9ratif de porter des chaussures ferm\u00e9es et de ne pas \u00eatre v\u00eatu de robe, ni d&rsquo;\u00e9charpe qui pourraient se prendre dans les roues.<\/p>\n\n\n\n<p class=\"has-medium-font-size\">* Pas de pr\u00e9enregistrement: <strong>premiers arriv\u00e9s = premiers servis<\/strong>. Les paiements se feront par&nbsp;<strong>ch\u00e8que <\/strong>(pas de CB).<\/p>\n\n\n\n<p class=\"has-medium-font-size\">** <strong>Badge Obligatoire pour \u201cOuvrant Droit\u201d &amp; \u201cAyant Droit\u201d<\/strong>. <\/p>\n\n\n\n<p class=\"has-medium-font-size\">*** <strong>Accueil \u00e0 8.45 &#8211; d\u00e9but sessions 9.00<\/strong><\/p>\n\n\n\n<p class=\"has-medium-font-size\">Au plaisir de vous accueillir&nbsp;nombreux et nombreuses !<\/p>\n\n\n\n<p class=\"has-medium-font-size\">Le Bureau&nbsp;AKS<\/p>\n\n\n\n<figure class=\"wp-block-image size-large is-resized\"><img fetchpriority=\"high\" decoding=\"async\" width=\"1024\" height=\"683\" src=\"https:\/\/airbus-staff-associations.org\/wp-content\/uploads\/2026\/07\/Karting2-1024x683.png\" alt=\"\" class=\"wp-image-9256\" style=\"aspect-ratio:1.4992888417882142;width:648px;height:auto\" srcset=\"https:\/\/airbus-staff-associations.org\/wp-content\/uploads\/2026\/07\/Karting2-1024x683.png 1024w, https:\/\/airbus-staff-associations.org\/wp-content\/uploads\/2026\/07\/Karting2-300x200.png 300w, https:\/\/airbus-staff-associations.org\/wp-content\/uploads\/2026\/07\/Karting2-768x512.png 768w, https:\/\/airbus-staff-associations.org\/wp-content\/uploads\/2026\/07\/Karting2-1536x1024.png 1536w, https:\/\/airbus-staff-associations.org\/wp-content\/uploads\/2026\/07\/Karting2-18x12.png 18w, https:\/\/airbus-staff-associations.org\/wp-content\/uploads\/2026\/07\/Karting2-24x16.png 24w, https:\/\/airbus-staff-associations.org\/wp-content\/uploads\/2026\/07\/Karting2-36x24.png 36w, https:\/\/airbus-staff-associations.org\/wp-content\/uploads\/2026\/07\/Karting2-48x32.png 48w, https:\/\/airbus-staff-associations.org\/wp-content\/uploads\/2026\/07\/Karting2.png 1600w\" sizes=\"(max-width: 1024px) 100vw, 1024px\" \/><\/figure>","protected":false},"excerpt":{"rendered":"<p>Le bureau de l&rsquo;Airbus Karting Society, soutenu par l&rsquo;Airbus Staff Associations, est heureux de vous convier \u00e0 son traditionnel&nbsp;Open&nbsp;Day&nbsp;de la rentr\u00e9e, pour partager un bon moment de convivialit\u00e9 avec toute la famille et pour d\u00e9couvrir la pratique du Karting: Quand &amp; O\u00f9 ? Cette matin\u00e9e se d\u00e9roulera le&nbsp;dimanche 6 septembre 2026&nbsp;de 8h45 \u00e0 12h30 au&nbsp;Karting [&hellip;]<\/p>\n","protected":false},"author":9001,"featured_media":9257,"comment_status":"closed","ping_status":"closed","sticky":false,"template":"","format":"standard","meta":{"_acf_changed":false,"_exactmetrics_skip_tracking":false,"ocean_front_end_style_editor":"no","ocean_post_layout":"","ocean_both_sidebars_style":"","ocean_both_sidebars_content_width":0,"ocean_both_sidebars_sidebars_width":0,"ocean_sidebar":"","ocean_second_sidebar":"","ocean_disable_margins":"enable","ocean_add_body_class":"","ocean_shortcode_before_top_bar":"","ocean_shortcode_after_top_bar":"","ocean_shortcode_before_header":"","ocean_shortcode_after_header":"","ocean_has_shortcode":"","ocean_shortcode_after_title":"","ocean_shortcode_before_footer_widgets":"","ocean_shortcode_after_footer_widgets":"","ocean_shortcode_before_footer_bottom":"","ocean_shortcode_after_footer_bottom":"","ocean_display_top_bar":"default","ocean_display_header":"default","ocean_header_style":"","ocean_center_header_left_menu":"","ocean_custom_header_template":"","ocean_custom_logo":0,"ocean_custom_retina_logo":0,"ocean_custom_logo_max_width":0,"ocean_custom_logo_tablet_max_width":0,"ocean_custom_logo_mobile_max_width":0,"ocean_custom_logo_max_height":0,"ocean_custom_logo_tablet_max_height":0,"ocean_custom_logo_mobile_max_height":0,"ocean_header_custom_menu":"","ocean_menu_typo_font_family":"","ocean_menu_typo_font_subset":"","ocean_menu_typo_font_size":0,"ocean_menu_typo_font_size_tablet":0,"ocean_menu_typo_font_size_mobile":0,"ocean_menu_typo_font_size_unit":"px","ocean_menu_typo_font_weight":"","ocean_menu_typo_font_weight_tablet":"","ocean_menu_typo_font_weight_mobile":"","ocean_menu_typo_transform":"","ocean_menu_typo_transform_tablet":"","ocean_menu_typo_transform_mobile":"","ocean_menu_typo_line_height":0,"ocean_menu_typo_line_height_tablet":0,"ocean_menu_typo_line_height_mobile":0,"ocean_menu_typo_line_height_unit":"","ocean_menu_typo_spacing":0,"ocean_menu_typo_spacing_tablet":0,"ocean_menu_typo_spacing_mobile":0,"ocean_menu_typo_spacing_unit":"","ocean_menu_link_color":"","ocean_menu_link_color_hover":"","ocean_menu_link_color_active":"","ocean_menu_link_background":"","ocean_menu_link_hover_background":"","ocean_menu_link_active_background":"","ocean_menu_social_links_bg":"","ocean_menu_social_hover_links_bg":"","ocean_menu_social_links_color":"","ocean_menu_social_hover_links_color":"","ocean_disable_title":"default","ocean_disable_heading":"default","ocean_post_title":"","ocean_post_subheading":"","ocean_post_title_style":"","ocean_post_title_background_color":"","ocean_post_title_background":0,"ocean_post_title_bg_image_position":"","ocean_post_title_bg_image_attachment":"","ocean_post_title_bg_image_repeat":"","ocean_post_title_bg_image_size":"","ocean_post_title_height":0,"ocean_post_title_bg_overlay":0.5,"ocean_post_title_bg_overlay_color":"","ocean_disable_breadcrumbs":"default","ocean_breadcrumbs_color":"","ocean_breadcrumbs_separator_color":"","ocean_breadcrumbs_links_color":"","ocean_breadcrumbs_links_hover_color":"","ocean_display_footer_widgets":"default","ocean_display_footer_bottom":"default","ocean_custom_footer_template":"","ocean_post_oembed":"","ocean_post_self_hosted_media":"","ocean_post_video_embed":"","ocean_link_format":"","ocean_link_format_target":"self","ocean_quote_format":"","ocean_quote_format_link":"post","ocean_gallery_link_images":"on","ocean_gallery_id":[],"footnotes":"","_members_access_role":[],"_members_access_error":""},"categories":[64],"tags":[],"class_list":["post-9320","post","type-post","status-publish","format-standard","has-post-thumbnail","hentry","category-karting","entry","has-media"],"acf":[],"_links":{"self":[{"href":"https:\/\/airbus-staff-associations.org\/en\/wp-json\/wp\/v2\/posts\/9320","targetHints":{"allow":["GET"]}}],"collection":[{"href":"https:\/\/airbus-staff-associations.org\/en\/wp-json\/wp\/v2\/posts"}],"about":[{"href":"https:\/\/airbus-staff-associations.org\/en\/wp-json\/wp\/v2\/types\/post"}],"author":[{"embeddable":true,"href":"https:\/\/airbus-staff-associations.org\/en\/wp-json\/wp\/v2\/users\/9001"}],"replies":[{"embeddable":true,"href":"https:\/\/airbus-staff-associations.org\/en\/wp-json\/wp\/v2\/comments?post=9320"}],"version-history":[{"count":11,"href":"https:\/\/airbus-staff-associations.org\/en\/wp-json\/wp\/v2\/posts\/9320\/revisions"}],"predecessor-version":[{"id":9331,"href":"https:\/\/airbus-staff-associations.org\/en\/wp-json\/wp\/v2\/posts\/9320\/revisions\/9331"}],"wp:featuredmedia":[{"embeddable":true,"href":"https:\/\/airbus-staff-associations.org\/en\/wp-json\/wp\/v2\/media\/9257"}],"wp:attachment":[{"href":"https:\/\/airbus-staff-associations.org\/en\/wp-json\/wp\/v2\/media?parent=9320"}],"wp:term":[{"taxonomy":"category","embeddable":true,"href":"https:\/\/airbus-staff-associations.org\/en\/wp-json\/wp\/v2\/categories?post=9320"},{"taxonomy":"post_tag","embeddable":true,"href":"https:\/\/airbus-staff-associations.org\/en\/wp-json\/wp\/v2\/tags?post=9320"}],"curies":[{"name":"wp","href":"https:\/\/api.w.org\/{rel}","templated":true}]}}